{"id":26895,"date":"2025-04-10T17:45:54","date_gmt":"2025-04-10T20:45:54","guid":{"rendered":"https:\/\/www.lu4aa.org\/wp\/?p=26895"},"modified":"2026-04-10T17:47:31","modified_gmt":"2026-04-10T20:47:31","slug":"dia-mundial-de-la-radioaficion-2025","status":"publish","type":"post","link":"https:\/\/www.lu4aa.org\/wp\/dia-mundial-de-la-radioaficion-2025\/","title":{"rendered":"Dia Mundial de la Radioafici\u00f3n 2025"},"content":{"rendered":"\n<p class=\"has-medium-font-size\">El pr\u00f3ximo 18 de abril se celebra un nuevo aniversario de la fundaci\u00f3n de la Uni\u00f3n Internacional de Radioaficionados, habi\u00e9ndose instituido esa fecha como \u201cD\u00eda Mundial de la Radioafici\u00f3n\u201d.<\/p>\n\n\n\n<p class=\"has-medium-font-size\">La Comisi\u00f3n de J\u00f3venes Radioaficioandos (YOTA) del Radio Club Argentino, los invita a participar en la actividad \u201cD\u00eda Mundial de la Radioafici\u00f3n 2025\u201d. Con el fin de promover la actividad radial entre los j\u00f3venes radioaficionados, de entre 9 y 25 a\u00f1os, incentivando el desarrollo de sus habilidades operativas y su confianza al operar en las bandas.<\/p>\n\n\n\n<p class=\"has-medium-font-size\">Con el fin de incentivar la participaci\u00f3n, el Radio Club Argentino emitir\u00e1 un certificado denominado \u201cD\u00eda Mundial de la Radioafici\u00f3n 2025\u201d, que dar\u00e1n cuenta de la actividad realizada.<\/p>\n\n\n\n<h2 class=\"wp-block-heading has-vivid-purple-color has-text-color has-link-color wp-elements-e3dc37e0b6aafd8292a028d1f0baf580\">Operadores YOTA<\/h2>\n\n\n\n<table id=\"tablepress-130\" class=\"tablepress tablepress-id-130\">\n<thead>\n<tr class=\"row-1\">\n\t<th class=\"column-1\">Distintiva<\/th><th class=\"column-2\">Nombre y Apellido<\/th><th class=\"column-3\">Edad<\/th>\n<\/tr>\n<\/thead>\n<tbody class=\"row-striping row-hover\">\n<tr class=\"row-2\">\n\t<td class=\"column-1\">LU7RCA<\/td><td class=\"column-2\">Cesar Lucca Bordon Aramayo<\/td><td class=\"column-3\">9<\/td>\n<\/tr>\n<tr class=\"row-3\">\n\t<td class=\"column-1\">LU3VNZ<\/td><td class=\"column-2\">Nassim Sapag<\/td><td class=\"column-3\">10<\/td>\n<\/tr>\n<tr class=\"row-4\">\n\t<td class=\"column-1\">LU1NSL<\/td><td class=\"column-2\">Sofia Loray<\/td><td class=\"column-3\">15<\/td>\n<\/tr>\n<tr class=\"row-5\">\n\t<td class=\"column-1\">LU1FFV<\/td><td class=\"column-2\">Mat\u00edas Exequiel Campos Silva<\/td><td class=\"column-3\">17<\/td>\n<\/tr>\n<tr class=\"row-6\">\n\t<td class=\"column-1\">LU6FEG<\/td><td class=\"column-2\">Enzo Grisanti<\/td><td class=\"column-3\">17<\/td>\n<\/tr>\n<tr class=\"row-7\">\n\t<td class=\"column-1\">LU5NFM<\/td><td class=\"column-2\">Abdala Maia Fatima<\/td><td class=\"column-3\">19<\/td>\n<\/tr>\n<tr class=\"row-8\">\n\t<td class=\"column-1\">LU1XOP<\/td><td class=\"column-2\">Theo Pastrana<\/td><td class=\"column-3\">20<\/td>\n<\/tr>\n<tr class=\"row-9\">\n\t<td class=\"column-1\">LW4EYS<\/td><td class=\"column-2\">Yesica Menthe<\/td><td class=\"column-3\">20<\/td>\n<\/tr>\n<tr class=\"row-10\">\n\t<td class=\"column-1\">LU3EFH<\/td><td class=\"column-2\">Franco Chioato<\/td><td class=\"column-3\">21<\/td>\n<\/tr>\n<tr class=\"row-11\">\n\t<td class=\"column-1\">LU9IVN<\/td><td class=\"column-2\">Veronica Natalia Arenhardt<\/td><td class=\"column-3\">21<\/td>\n<\/tr>\n<tr class=\"row-12\">\n\t<td class=\"column-1\">LU1GAB<\/td><td class=\"column-2\">Lucas Javier Trangoni Encina<\/td><td class=\"column-3\">24<\/td>\n<\/tr>\n<\/tbody>\n<\/table>\n<!-- #tablepress-130 from cache -->\n\n\n\n<h2 class=\"wp-block-heading has-vivid-purple-color has-text-color has-link-color wp-elements-6f41f7fb1d3154bbbe8908e732c4220e\">Bases<\/h2>\n\n\n<iframe src=\"\/\/docs.google.com\/viewer?url=https%3A%2F%2Fwww.lu4aa.org%2Fwp%2Fwp-content%2Fuploads%2F2025%2F04%2FDia-mundial-de-la-radioaficion-2025-YOTA.pdf&hl=es&embedded=true\" class=\"gde-frame\" style=\"width:100%; height:500px; border: none;\" scrolling=\"no\"><\/iframe>\n<p class=\"gde-text\"><a href=\"https:\/\/www.lu4aa.org\/wp\/wp-content\/uploads\/2025\/04\/Dia-mundial-de-la-radioaficion-2025-YOTA.pdf\" class=\"gde-link\" onClick=\"_gaq.push(['_trackEvent', 'Google Doc Embedder', 'Descargar', this.href]);\">Descargar (PDF, 183KB)<\/a><\/p>\n","protected":false},"excerpt":{"rendered":"<p>El pr\u00f3ximo 18 de abril se celebra un nuevo aniversario de la fundaci\u00f3n de la Uni\u00f3n Internacional de Radioaficionados, habi\u00e9ndose instituido esa fecha como \u201cD\u00eda Mundial de la Radioafici\u00f3n\u201d. La Comisi\u00f3n de<a class=\"moretag\" href=\"https:\/\/www.lu4aa.org\/wp\/dia-mundial-de-la-radioaficion-2025\/\">Leer m\u00e1s&#8230;<\/a><\/p>\n","protected":false},"author":12,"featured_media":25426,"comment_status":"closed","ping_status":"closed","sticky":false,"template":"","format":"standard","meta":{"ngg_post_thumbnail":0,"footnotes":""},"categories":[61],"tags":[],"class_list":["post-26895","post","type-post","status-publish","format-standard","has-post-thumbnail","hentry","category-noticias"],"_links":{"self":[{"href":"https:\/\/www.lu4aa.org\/wp\/wp-json\/wp\/v2\/posts\/26895","targetHints":{"allow":["GET"]}}],"collection":[{"href":"https:\/\/www.lu4aa.org\/wp\/wp-json\/wp\/v2\/posts"}],"about":[{"href":"https:\/\/www.lu4aa.org\/wp\/wp-json\/wp\/v2\/types\/post"}],"author":[{"embeddable":true,"href":"https:\/\/www.lu4aa.org\/wp\/wp-json\/wp\/v2\/users\/12"}],"replies":[{"embeddable":true,"href":"https:\/\/www.lu4aa.org\/wp\/wp-json\/wp\/v2\/comments?post=26895"}],"version-history":[{"count":1,"href":"https:\/\/www.lu4aa.org\/wp\/wp-json\/wp\/v2\/posts\/26895\/revisions"}],"predecessor-version":[{"id":26903,"href":"https:\/\/www.lu4aa.org\/wp\/wp-json\/wp\/v2\/posts\/26895\/revisions\/26903"}],"wp:featuredmedia":[{"embeddable":true,"href":"https:\/\/www.lu4aa.org\/wp\/wp-json\/wp\/v2\/media\/25426"}],"wp:attachment":[{"href":"https:\/\/www.lu4aa.org\/wp\/wp-json\/wp\/v2\/media?parent=26895"}],"wp:term":[{"taxonomy":"category","embeddable":true,"href":"https:\/\/www.lu4aa.org\/wp\/wp-json\/wp\/v2\/categories?post=26895"},{"taxonomy":"post_tag","embeddable":true,"href":"https:\/\/www.lu4aa.org\/wp\/wp-json\/wp\/v2\/tags?post=26895"}],"curies":[{"name":"wp","href":"https:\/\/api.w.org\/{rel}","templated":true}]}}